{"id":98,"date":"2016-05-25T18:00:49","date_gmt":"2016-05-25T16:00:49","guid":{"rendered":"http:\/\/ambitionoutdoor.com\/?p=98"},"modified":"2017-12-01T15:00:40","modified_gmt":"2017-12-01T13:00:40","slug":"amenagementfourgon_transport-vtt","status":"publish","type":"post","link":"https:\/\/worldtour-outdoorexperience.com\/en\/amenagementfourgon_transport-vtt\/","title":{"rendered":"Am\u00e9nagement Fourgon: Transport VTT"},"content":{"rendered":"<h2 style=\"text-align: justify;\">Transport VTT: Moins on en d\u00e9monte, mieux c&#8217;est!<\/h2>\n<p style=\"text-align: justify;\">Tout ce que vous d\u00e9montez pour le <strong>transport\u00a0VTT<\/strong>\u00a0sera \u00e0 remonter ensuite.\u00a0Logique me direz vous! Oui mais voil\u00e0 un autre probl\u00e8me: <span style=\"text-decoration: underline;\">l&#8217;encombrement<\/span>.<\/p>\n<p style=\"text-align: justify;\"><!--more--><\/p>\n<p style=\"text-align: justify;\">Si nous ne d\u00e9montons rien, notre VTT occupera beaucoup trop de place lors de son transport. Comment faire en sorte que le transport VTT soit\u00a0optimum et pratique?<\/p>\n<p style=\"text-align: justify;\"><span style=\"line-height: 1.5;\">Tout passe par l&#8217;observation dans un premier temps. Analysons\u00a0ce qui prend le plus de place lors du transport VTT: Les roues? Les p\u00e9dales? Le guidon? Ah, peut-\u00eatre une piste! Ce dernier n&#8217;est pas dans le m\u00eame alignement que le reste du VTT, tout comme les p\u00e9dales. D\u00e9montez les p\u00e9dales \u00e0 chaque fois serait un peu trop fastidieux. C&#8217;est \u00e0 nous de trouver un endroit o\u00f9 elles ne g\u00eaneront pas. Par contre pour le guidon, il y a peut \u00eatre quelque chose \u00e0 faire!<\/span><\/p>\n<p style=\"text-align: justify;\"><a href=\"http:\/\/ambitionoutdoor.com\/wp-content\/uploads\/2016\/05\/transport-VTT_exemple_ambitionoutdoor.jpg\"><img loading=\"lazy\" decoding=\"async\" class=\"aligncenter size-full wp-image-110\" src=\"http:\/\/ambitionoutdoor.com\/wp-content\/uploads\/2016\/05\/transport-VTT_exemple_ambitionoutdoor.jpg\" alt=\"exemple transport VTT\" width=\"800\" height=\"533\" \/><\/a><\/p>\n<h2 style=\"text-align: justify;\">Transport VTT: Merci l&#8217;attache rapide!<\/h2>\n<p style=\"text-align: justify;\">Pour le guidon, deux solutions s&#8217;offrent \u00e0 nous: desserrer la potence ou d\u00e9monter l&#8217;axe de la roue avant. Si vous faite vous m\u00eame l&#8217;entretien de votre VTT, vous ne voudrez surement pas toucher \u00e0 la potence! Vous savez le r\u00e9glage horrible du &#8220;est-ce que mon guidon est droit!?&#8221;ou &#8220;est ce que j&#8217;ai du jeu? Mince j&#8217;ai trop serr\u00e9!&#8221;. D&#8217;ailleurs l\u00e0 aussi, je ne comprends pas pourquoi le tube de direction de la fourche n&#8217;est pas crant\u00e9 comme les bo\u00eetiers de p\u00e9dalier ou bien m\u00eame avec une simple rainures qui nous assure que le guidon est parfaitement perpendiculaire \u00e0 la\u00a0roue! Mince c&#8217;est vrai, on ne pourrait plus simplement desserrer et tourner la potence. C&#8217;est quelque chose que l&#8217;on fait tellement r\u00e9guli\u00e8rement&#8230; Bref pour moi, ce ne sera pas la potence!<\/p>\n<p style=\"text-align: justify;\">Et l&#8217;axe de roue avant? Ahhh voil\u00e0 une solution plus int\u00e9ressante pour le transport VTT puisque j&#8217;ai une attache rapide QR20 (comprendre axe de 20mm). Je verrai ce que je fais de ma roue avant \u00e0 un autre moment. Maintenant que j&#8217;ai trouv\u00e9 un point de fixation, il m&#8217;en faut trouver un second et un troisi\u00e8me!<\/p>\n<h2 style=\"text-align: justify;\">Transport VTT: deux axes\u00a0pour immobiliser le VTT<\/h2>\n<p><a href=\"http:\/\/ambitionoutdoor.com\/wp-content\/uploads\/2016\/05\/transport-vtt_support_ambitionoutdoor.jpg\"><img loading=\"lazy\" decoding=\"async\" class=\"alignleft wp-image-103 size-medium\" src=\"http:\/\/ambitionoutdoor.com\/wp-content\/uploads\/2016\/05\/transport-vtt_support_ambitionoutdoor-300x300.jpg\" alt=\"transport VTT fixation fourche\" width=\"300\" height=\"300\" \/><\/a><\/p>\n<p style=\"text-align: justify;\">L&#8217;avantage offert par le d\u00e9montage de la roue avant pour le transport VTT est de pouvoir orienter l&#8217;ensemble guidon\/fourche dans l&#8217;alignement du cadre. Dans mon cas, je tourne l&#8217;ensemble de fa\u00e7on \u00e0 ce que la longueur de ma potence soit utilis\u00e9e dans un volume mort. Ainsi, le volume occup\u00e9 par le cot\u00e9 droit de mon\u00a0VTT ne prend pas plus de place que ma p\u00e9dale droite. Par la m\u00eame occasion, <span style=\"text-decoration: underline;\">je r\u00e9utilise l&#8217;axe de ma roue avant<\/span> afin de fixer ma fourche sur l&#8217;accessoire de transport VTT. N\u00e9anmoins\u00a0avec cette orientation, fixer la fourche au sol ne permettra pas au VTT de se maintenir tout seul, la roue arri\u00e8re et la fixation de la fourche \u00e9tant sur le m\u00eame axe.<\/p>\n<p style=\"text-align: justify;\"><a href=\"http:\/\/ambitionoutdoor.com\/wp-content\/uploads\/2016\/05\/transport-vtt_maintien-manivelle_ambitionoutdoor.jpg\"><img loading=\"lazy\" decoding=\"async\" class=\"alignright size-medium wp-image-107\" src=\"http:\/\/ambitionoutdoor.com\/wp-content\/uploads\/2016\/05\/transport-vtt_maintien-manivelle_ambitionoutdoor-300x300.jpg\" alt=\"transport VTT maintien manivelle\" width=\"300\" height=\"300\" \/><\/a>Heureusement, la disposition de mon am\u00e9nagement fourgon m&#8217;offre une possibilit\u00e9 non n\u00e9gligeable: je peux faire passer ma p\u00e9dale au-dessus du coffre am\u00e9nag\u00e9 autour de mon essieux arri\u00e8re droit\u00a0et venir y fixer un \u00e9l\u00e9ment pour tenir la manivelle de mon VTT. Avec ces deux points d&#8217;ancrages, le transport VTT s&#8217;effectuera sans encombre et sans sauter \u00e0 l&#8217;arri\u00e8re, la gravit\u00e9 terrestre offrant un &#8220;troisi\u00e8me axe\u00a0de fixation&#8221; vertical.<\/p>\n<p style=\"text-align: justify;\"><span style=\"color: #ffffff;\">.<\/span><\/p>\n<p style=\"text-align: justify;\"><span style=\"color: #ffffff;\">.<\/span><\/p>\n<h2 style=\"text-align: justify;\">Transport VTT: comment transporter plus d&#8217;un VTT?<\/h2>\n<p style=\"text-align: justify;\"><img loading=\"lazy\" decoding=\"async\" class=\"alignleft size-medium wp-image-105\" src=\"http:\/\/ambitionoutdoor.com\/wp-content\/uploads\/2016\/05\/transport-VTT_accessoire-fixation_ambitionoutdoor-300x300.jpg\" alt=\"transport-VTT_ambitionoutdoor\" width=\"300\" height=\"300\" \/>De ce c\u00f4t\u00e9 l\u00e0, je me facilite grandement la t\u00e2che. Gr\u00e2ce \u00e0 mes deux accessoires de fixation, mon VTT devient un \u00e9l\u00e9ment fixe. J&#8217;attache donc directement le second VTT avec une sangle de moins d&#8217;un m\u00e8tre en sens oppos\u00e9, afin que le guidon passe au dessus de ma selle. Ainsi un seul VTT a besoin d&#8217;\u00eatre remont\u00e9!<\/p>\n<p style=\"text-align: center;\"><span style=\"color: #f07261;\">Moins de temps \u00e0 ranger, plus de temps \u00e0 rider!<\/span><\/p>\n","protected":false},"excerpt":{"rendered":"<p>Transport VTT: Moins on en d\u00e9monte, mieux c&#8217;est! Tout ce que vous d\u00e9montez pour le transport\u00a0VTT\u00a0sera \u00e0 remonter ensuite.\u00a0Logique me direz vous! Oui mais voil\u00e0 un autre probl\u00e8me: l&#8217;encombrement.<\/p>\n","protected":false},"author":1,"featured_media":5544,"comment_status":"open","ping_status":"open","sticky":false,"template":"","format":"image","meta":{"footnotes":""},"categories":[1313],"tags":[1300,1301,1302],"translation":{"provider":"WPGlobus","version":"2.12.2","language":"en","enabled_languages":["fr","en"],"languages":{"fr":{"title":true,"content":true,"excerpt":false},"en":{"title":true,"content":false,"excerpt":false}}},"_links":{"self":[{"href":"https:\/\/worldtour-outdoorexperience.com\/en\/wp-json\/wp\/v2\/posts\/98"}],"collection":[{"href":"https:\/\/worldtour-outdoorexperience.com\/en\/wp-json\/wp\/v2\/posts"}],"about":[{"href":"https:\/\/worldtour-outdoorexperience.com\/en\/wp-json\/wp\/v2\/types\/post"}],"author":[{"embeddable":true,"href":"https:\/\/worldtour-outdoorexperience.com\/en\/wp-json\/wp\/v2\/users\/1"}],"replies":[{"embeddable":true,"href":"https:\/\/worldtour-outdoorexperience.com\/en\/wp-json\/wp\/v2\/comments?post=98"}],"version-history":[{"count":7,"href":"https:\/\/worldtour-outdoorexperience.com\/en\/wp-json\/wp\/v2\/posts\/98\/revisions"}],"predecessor-version":[{"id":5666,"href":"https:\/\/worldtour-outdoorexperience.com\/en\/wp-json\/wp\/v2\/posts\/98\/revisions\/5666"}],"wp:featuredmedia":[{"embeddable":true,"href":"https:\/\/worldtour-outdoorexperience.com\/en\/wp-json\/wp\/v2\/media\/5544"}],"wp:attachment":[{"href":"https:\/\/worldtour-outdoorexperience.com\/en\/wp-json\/wp\/v2\/media?parent=98"}],"wp:term":[{"taxonomy":"category","embeddable":true,"href":"https:\/\/worldtour-outdoorexperience.com\/en\/wp-json\/wp\/v2\/categories?post=98"},{"taxonomy":"post_tag","embeddable":true,"href":"https:\/\/worldtour-outdoorexperience.com\/en\/wp-json\/wp\/v2\/tags?post=98"}],"curies":[{"name":"wp","href":"https:\/\/api.w.org\/{rel}","templated":true}]}}